{"id":145,"date":"2022-07-27T10:57:19","date_gmt":"2022-07-27T08:57:19","guid":{"rendered":"https:\/\/tpvnews.es\/zonalg\/?p=145"},"modified":"2022-07-27T10:57:19","modified_gmt":"2022-07-27T08:57:19","slug":"las-pantallas-de-lg-impulsan-las-ventas-en-el-sector-retail","status":"publish","type":"post","link":"https:\/\/tpvnews.es\/zonalg\/retail\/las-pantallas-de-lg-impulsan-las-ventas-en-el-sector-retail\/","title":{"rendered":"Las pantallas de LG impulsan las ventas en el sector retail"},"content":{"rendered":"<p>LG ofrece soluciones para cada necesidad del sector retail, seg\u00fan se\u00f1ala Victor Guill, responsable de ventas del canal Hospitality en LG Espa\u00f1a. Este abanico de soluciones comprende desde las pantallas de alto brillo para el escaparate, que permiten ver los contenidos de manera n\u00edtida y apreciar los colores m\u00e1s vibrantes, a pesar del impacto de la luz solar u otras luces, hasta las dise\u00f1adas para el interior, aunque la clave para elegir una buena pantalla es que el cliente conozca bien el tipo de soluci\u00f3n que necesita.<\/p>\n<p>Las pantallas de LG tanto en el sector retail como en el de la restauraci\u00f3n mejoran la experiencia del usuario y proporcionan un claro retorno de la inversi\u00f3n. Guill se muestra claro al afirmar que \u201ca mayor comunicaci\u00f3n de pantallas, mayor compra del cliente\u201d.<\/p>\n","protected":false},"excerpt":{"rendered":"<p>LG ofrece soluciones para cada necesidad del sector retail, seg\u00fan se\u00f1ala Victor Guill, responsable de ventas del canal Hospitality en LG Espa\u00f1a. Este abanico de soluciones comprende desde las pantallas de alto brillo para el escaparate, que permiten ver los contenidos de manera n\u00edtida y apreciar los colores m\u00e1s vibrantes, a pesar del impacto de [&hellip;]<\/p>\n","protected":false},"author":1,"featured_media":146,"comment_status":"closed","ping_status":"open","sticky":false,"template":"","format":"video","meta":{"jnews-multi-image_gallery":[],"jnews_single_post":{"source_name":"","source_url":"","via_name":"","via_url":"","override_template":"0","override":[{"template":"1","single_blog_custom":"","parallax":"1","fullscreen":"1","layout":"right-sidebar","sidebar":"default-sidebar","second_sidebar":"default-sidebar","sticky_sidebar":"1","share_position":"top","share_float_style":"share-monocrhome","show_share_counter":"1","show_view_counter":"1","show_featured":"1","show_post_meta":"1","show_post_author":"1","show_post_author_image":"1","show_post_date":"1","post_date_format":"default","post_date_format_custom":"Y\/m\/d","show_post_category":"1","show_post_reading_time":"0","post_reading_time_wpm":"300","show_zoom_button":"0","zoom_button_out_step":"2","zoom_button_in_step":"3","show_post_tag":"1","show_prev_next_post":"1","show_popup_post":"1","number_popup_post":"1","show_author_box":"0","show_post_related":"0","show_inline_post_related":"0"}],"override_image_size":"0","image_override":[{"single_post_thumbnail_size":"crop-500","single_post_gallery_size":"crop-500"}],"trending_post":"0","trending_post_position":"meta","trending_post_label":"Trending","sponsored_post":"0","sponsored_post_label":"Sponsored by","sponsored_post_name":"","sponsored_post_url":"","sponsored_post_logo_enable":"0","sponsored_post_logo":"","sponsored_post_desc":"","disable_ad":"0"},"jnews_primary_category":{"id":""},"jnews_social_meta":{"fb_title":"","fb_description":"","fb_image":"","twitter_title":"","twitter_description":"","twitter_image":""},"footnotes":""},"categories":[7],"tags":[11],"class_list":["post-145","post","type-post","status-publish","format-video","has-post-thumbnail","hentry","category-retail","tag-video","post_format-post-format-video"],"yoast_head":"<!-- This site is optimized with the Yoast SEO plugin v27.4 - https:\/\/yoast.com\/product\/yoast-seo-wordpress\/ -->\n<title>Las pantallas de LG impulsan las ventas en el sector retail - Zona LG<\/title>\n<meta name=\"robots\" content=\"index, follow, max-snippet:-1, max-image-preview:large, max-video-preview:-1\" \/>\n<link rel=\"canonical\" href=\"https:\/\/tpvnews.es\/zonalg\/retail\/las-pantallas-de-lg-impulsan-las-ventas-en-el-sector-retail\/\" \/>\n<meta property=\"og:locale\" content=\"es_ES\" \/>\n<meta property=\"og:type\" content=\"article\" \/>\n<meta property=\"og:title\" content=\"Las pantallas de LG impulsan las ventas en el sector retail - Zona LG\" \/>\n<meta property=\"og:description\" content=\"LG ofrece soluciones para cada necesidad del sector retail, seg\u00fan se\u00f1ala Victor Guill, responsable de ventas del canal Hospitality en LG Espa\u00f1a. Este abanico de soluciones comprende desde las pantallas de alto brillo para el escaparate, que permiten ver los contenidos de manera n\u00edtida y apreciar los colores m\u00e1s vibrantes, a pesar del impacto de [&hellip;]\" \/>\n<meta property=\"og:url\" content=\"https:\/\/tpvnews.es\/zonalg\/retail\/las-pantallas-de-lg-impulsan-las-ventas-en-el-sector-retail\/\" \/>\n<meta property=\"og:site_name\" content=\"Zona LG\" \/>\n<meta property=\"article:published_time\" content=\"2022-07-27T08:57:19+00:00\" \/>\n<meta property=\"og:image\" content=\"https:\/\/tpvnews.es\/zonalg\/wp-content\/uploads\/sites\/2\/2022\/07\/foto.-V.-Guill.jpg\" \/>\n\t<meta property=\"og:image:width\" content=\"1400\" \/>\n\t<meta property=\"og:image:height\" content=\"788\" \/>\n\t<meta property=\"og:image:type\" content=\"image\/jpeg\" \/>\n<meta name=\"author\" content=\"Manuel\" \/>\n<meta name=\"twitter:card\" content=\"summary_large_image\" \/>\n<meta name=\"twitter:label1\" content=\"Escrito por\" \/>\n\t<meta name=\"twitter:data1\" content=\"Manuel\" \/>\n\t<meta name=\"twitter:label2\" content=\"Tiempo de lectura\" \/>\n\t<meta name=\"twitter:data2\" content=\"1 minuto\" \/>\n<script type=\"application\/ld+json\" class=\"yoast-schema-graph\">{\"@context\":\"https:\\\/\\\/schema.org\",\"@graph\":[{\"@type\":\"Article\",\"@id\":\"https:\\\/\\\/tpvnews.es\\\/zonalg\\\/retail\\\/las-pantallas-de-lg-impulsan-las-ventas-en-el-sector-retail\\\/#article\",\"isPartOf\":{\"@id\":\"https:\\\/\\\/tpvnews.es\\\/zonalg\\\/retail\\\/las-pantallas-de-lg-impulsan-las-ventas-en-el-sector-retail\\\/\"},\"author\":{\"name\":\"Manuel\",\"@id\":\"https:\\\/\\\/tpvnews.es\\\/zonalg\\\/#\\\/schema\\\/person\\\/05005a60e26fdd62c49c616dfc1406be\"},\"headline\":\"Las pantallas de LG impulsan las ventas en el sector retail\",\"datePublished\":\"2022-07-27T08:57:19+00:00\",\"mainEntityOfPage\":{\"@id\":\"https:\\\/\\\/tpvnews.es\\\/zonalg\\\/retail\\\/las-pantallas-de-lg-impulsan-las-ventas-en-el-sector-retail\\\/\"},\"wordCount\":152,\"image\":{\"@id\":\"https:\\\/\\\/tpvnews.es\\\/zonalg\\\/retail\\\/las-pantallas-de-lg-impulsan-las-ventas-en-el-sector-retail\\\/#primaryimage\"},\"thumbnailUrl\":\"https:\\\/\\\/tpvnews.es\\\/zonalg\\\/wp-content\\\/uploads\\\/sites\\\/2\\\/2022\\\/07\\\/foto.-V.-Guill.jpg\",\"keywords\":[\"Video\"],\"articleSection\":[\"Retail\"],\"inLanguage\":\"es\"},{\"@type\":\"WebPage\",\"@id\":\"https:\\\/\\\/tpvnews.es\\\/zonalg\\\/retail\\\/las-pantallas-de-lg-impulsan-las-ventas-en-el-sector-retail\\\/\",\"url\":\"https:\\\/\\\/tpvnews.es\\\/zonalg\\\/retail\\\/las-pantallas-de-lg-impulsan-las-ventas-en-el-sector-retail\\\/\",\"name\":\"Las pantallas de LG impulsan las ventas en el sector retail - Zona LG\",\"isPartOf\":{\"@id\":\"https:\\\/\\\/tpvnews.es\\\/zonalg\\\/#website\"},\"primaryImageOfPage\":{\"@id\":\"https:\\\/\\\/tpvnews.es\\\/zonalg\\\/retail\\\/las-pantallas-de-lg-impulsan-las-ventas-en-el-sector-retail\\\/#primaryimage\"},\"image\":{\"@id\":\"https:\\\/\\\/tpvnews.es\\\/zonalg\\\/retail\\\/las-pantallas-de-lg-impulsan-las-ventas-en-el-sector-retail\\\/#primaryimage\"},\"thumbnailUrl\":\"https:\\\/\\\/tpvnews.es\\\/zonalg\\\/wp-content\\\/uploads\\\/sites\\\/2\\\/2022\\\/07\\\/foto.-V.-Guill.jpg\",\"datePublished\":\"2022-07-27T08:57:19+00:00\",\"author\":{\"@id\":\"https:\\\/\\\/tpvnews.es\\\/zonalg\\\/#\\\/schema\\\/person\\\/05005a60e26fdd62c49c616dfc1406be\"},\"breadcrumb\":{\"@id\":\"https:\\\/\\\/tpvnews.es\\\/zonalg\\\/retail\\\/las-pantallas-de-lg-impulsan-las-ventas-en-el-sector-retail\\\/#breadcrumb\"},\"inLanguage\":\"es\",\"potentialAction\":[{\"@type\":\"ReadAction\",\"target\":[\"https:\\\/\\\/tpvnews.es\\\/zonalg\\\/retail\\\/las-pantallas-de-lg-impulsan-las-ventas-en-el-sector-retail\\\/\"]}]},{\"@type\":\"ImageObject\",\"inLanguage\":\"es\",\"@id\":\"https:\\\/\\\/tpvnews.es\\\/zonalg\\\/retail\\\/las-pantallas-de-lg-impulsan-las-ventas-en-el-sector-retail\\\/#primaryimage\",\"url\":\"https:\\\/\\\/tpvnews.es\\\/zonalg\\\/wp-content\\\/uploads\\\/sites\\\/2\\\/2022\\\/07\\\/foto.-V.-Guill.jpg\",\"contentUrl\":\"https:\\\/\\\/tpvnews.es\\\/zonalg\\\/wp-content\\\/uploads\\\/sites\\\/2\\\/2022\\\/07\\\/foto.-V.-Guill.jpg\",\"width\":1400,\"height\":788},{\"@type\":\"BreadcrumbList\",\"@id\":\"https:\\\/\\\/tpvnews.es\\\/zonalg\\\/retail\\\/las-pantallas-de-lg-impulsan-las-ventas-en-el-sector-retail\\\/#breadcrumb\",\"itemListElement\":[{\"@type\":\"ListItem\",\"position\":1,\"name\":\"Portada\",\"item\":\"https:\\\/\\\/tpvnews.es\\\/zonalg\\\/\"},{\"@type\":\"ListItem\",\"position\":2,\"name\":\"Las pantallas de LG impulsan las ventas en el sector retail\"}]},{\"@type\":\"WebSite\",\"@id\":\"https:\\\/\\\/tpvnews.es\\\/zonalg\\\/#website\",\"url\":\"https:\\\/\\\/tpvnews.es\\\/zonalg\\\/\",\"name\":\"Zona LG\",\"description\":\"Otro sitio m\u00e1s de TPV News sitios\",\"potentialAction\":[{\"@type\":\"SearchAction\",\"target\":{\"@type\":\"EntryPoint\",\"urlTemplate\":\"https:\\\/\\\/tpvnews.es\\\/zonalg\\\/?s={search_term_string}\"},\"query-input\":{\"@type\":\"PropertyValueSpecification\",\"valueRequired\":true,\"valueName\":\"search_term_string\"}}],\"inLanguage\":\"es\"},{\"@type\":\"Person\",\"@id\":\"https:\\\/\\\/tpvnews.es\\\/zonalg\\\/#\\\/schema\\\/person\\\/05005a60e26fdd62c49c616dfc1406be\",\"name\":\"Manuel\",\"image\":{\"@type\":\"ImageObject\",\"inLanguage\":\"es\",\"@id\":\"https:\\\/\\\/secure.gravatar.com\\\/avatar\\\/a276c2c7f6758ddc5788f8b090c102edee2c13aa2bf89a1bcd01a2ba5053fe51?s=96&d=mm&r=g\",\"url\":\"https:\\\/\\\/secure.gravatar.com\\\/avatar\\\/a276c2c7f6758ddc5788f8b090c102edee2c13aa2bf89a1bcd01a2ba5053fe51?s=96&d=mm&r=g\",\"contentUrl\":\"https:\\\/\\\/secure.gravatar.com\\\/avatar\\\/a276c2c7f6758ddc5788f8b090c102edee2c13aa2bf89a1bcd01a2ba5053fe51?s=96&d=mm&r=g\",\"caption\":\"Manuel\"},\"url\":\"https:\\\/\\\/tpvnews.es\\\/zonalg\\\/author\\\/manuel\\\/\"}]}<\/script>\n<!-- \/ Yoast SEO plugin. -->","yoast_head_json":{"title":"Las pantallas de LG impulsan las ventas en el sector retail - Zona LG","robots":{"index":"index","follow":"follow","max-snippet":"max-snippet:-1","max-image-preview":"max-image-preview:large","max-video-preview":"max-video-preview:-1"},"canonical":"https:\/\/tpvnews.es\/zonalg\/retail\/las-pantallas-de-lg-impulsan-las-ventas-en-el-sector-retail\/","og_locale":"es_ES","og_type":"article","og_title":"Las pantallas de LG impulsan las ventas en el sector retail - Zona LG","og_description":"LG ofrece soluciones para cada necesidad del sector retail, seg\u00fan se\u00f1ala Victor Guill, responsable de ventas del canal Hospitality en LG Espa\u00f1a. Este abanico de soluciones comprende desde las pantallas de alto brillo para el escaparate, que permiten ver los contenidos de manera n\u00edtida y apreciar los colores m\u00e1s vibrantes, a pesar del impacto de [&hellip;]","og_url":"https:\/\/tpvnews.es\/zonalg\/retail\/las-pantallas-de-lg-impulsan-las-ventas-en-el-sector-retail\/","og_site_name":"Zona LG","article_published_time":"2022-07-27T08:57:19+00:00","og_image":[{"width":1400,"height":788,"url":"https:\/\/tpvnews.es\/zonalg\/wp-content\/uploads\/sites\/2\/2022\/07\/foto.-V.-Guill.jpg","type":"image\/jpeg"}],"author":"Manuel","twitter_card":"summary_large_image","twitter_misc":{"Escrito por":"Manuel","Tiempo de lectura":"1 minuto"},"schema":{"@context":"https:\/\/schema.org","@graph":[{"@type":"Article","@id":"https:\/\/tpvnews.es\/zonalg\/retail\/las-pantallas-de-lg-impulsan-las-ventas-en-el-sector-retail\/#article","isPartOf":{"@id":"https:\/\/tpvnews.es\/zonalg\/retail\/las-pantallas-de-lg-impulsan-las-ventas-en-el-sector-retail\/"},"author":{"name":"Manuel","@id":"https:\/\/tpvnews.es\/zonalg\/#\/schema\/person\/05005a60e26fdd62c49c616dfc1406be"},"headline":"Las pantallas de LG impulsan las ventas en el sector retail","datePublished":"2022-07-27T08:57:19+00:00","mainEntityOfPage":{"@id":"https:\/\/tpvnews.es\/zonalg\/retail\/las-pantallas-de-lg-impulsan-las-ventas-en-el-sector-retail\/"},"wordCount":152,"image":{"@id":"https:\/\/tpvnews.es\/zonalg\/retail\/las-pantallas-de-lg-impulsan-las-ventas-en-el-sector-retail\/#primaryimage"},"thumbnailUrl":"https:\/\/tpvnews.es\/zonalg\/wp-content\/uploads\/sites\/2\/2022\/07\/foto.-V.-Guill.jpg","keywords":["Video"],"articleSection":["Retail"],"inLanguage":"es"},{"@type":"WebPage","@id":"https:\/\/tpvnews.es\/zonalg\/retail\/las-pantallas-de-lg-impulsan-las-ventas-en-el-sector-retail\/","url":"https:\/\/tpvnews.es\/zonalg\/retail\/las-pantallas-de-lg-impulsan-las-ventas-en-el-sector-retail\/","name":"Las pantallas de LG impulsan las ventas en el sector retail - Zona LG","isPartOf":{"@id":"https:\/\/tpvnews.es\/zonalg\/#website"},"primaryImageOfPage":{"@id":"https:\/\/tpvnews.es\/zonalg\/retail\/las-pantallas-de-lg-impulsan-las-ventas-en-el-sector-retail\/#primaryimage"},"image":{"@id":"https:\/\/tpvnews.es\/zonalg\/retail\/las-pantallas-de-lg-impulsan-las-ventas-en-el-sector-retail\/#primaryimage"},"thumbnailUrl":"https:\/\/tpvnews.es\/zonalg\/wp-content\/uploads\/sites\/2\/2022\/07\/foto.-V.-Guill.jpg","datePublished":"2022-07-27T08:57:19+00:00","author":{"@id":"https:\/\/tpvnews.es\/zonalg\/#\/schema\/person\/05005a60e26fdd62c49c616dfc1406be"},"breadcrumb":{"@id":"https:\/\/tpvnews.es\/zonalg\/retail\/las-pantallas-de-lg-impulsan-las-ventas-en-el-sector-retail\/#breadcrumb"},"inLanguage":"es","potentialAction":[{"@type":"ReadAction","target":["https:\/\/tpvnews.es\/zonalg\/retail\/las-pantallas-de-lg-impulsan-las-ventas-en-el-sector-retail\/"]}]},{"@type":"ImageObject","inLanguage":"es","@id":"https:\/\/tpvnews.es\/zonalg\/retail\/las-pantallas-de-lg-impulsan-las-ventas-en-el-sector-retail\/#primaryimage","url":"https:\/\/tpvnews.es\/zonalg\/wp-content\/uploads\/sites\/2\/2022\/07\/foto.-V.-Guill.jpg","contentUrl":"https:\/\/tpvnews.es\/zonalg\/wp-content\/uploads\/sites\/2\/2022\/07\/foto.-V.-Guill.jpg","width":1400,"height":788},{"@type":"BreadcrumbList","@id":"https:\/\/tpvnews.es\/zonalg\/retail\/las-pantallas-de-lg-impulsan-las-ventas-en-el-sector-retail\/#breadcrumb","itemListElement":[{"@type":"ListItem","position":1,"name":"Portada","item":"https:\/\/tpvnews.es\/zonalg\/"},{"@type":"ListItem","position":2,"name":"Las pantallas de LG impulsan las ventas en el sector retail"}]},{"@type":"WebSite","@id":"https:\/\/tpvnews.es\/zonalg\/#website","url":"https:\/\/tpvnews.es\/zonalg\/","name":"Zona LG","description":"Otro sitio m\u00e1s de TPV News sitios","potentialAction":[{"@type":"SearchAction","target":{"@type":"EntryPoint","urlTemplate":"https:\/\/tpvnews.es\/zonalg\/?s={search_term_string}"},"query-input":{"@type":"PropertyValueSpecification","valueRequired":true,"valueName":"search_term_string"}}],"inLanguage":"es"},{"@type":"Person","@id":"https:\/\/tpvnews.es\/zonalg\/#\/schema\/person\/05005a60e26fdd62c49c616dfc1406be","name":"Manuel","image":{"@type":"ImageObject","inLanguage":"es","@id":"https:\/\/secure.gravatar.com\/avatar\/a276c2c7f6758ddc5788f8b090c102edee2c13aa2bf89a1bcd01a2ba5053fe51?s=96&d=mm&r=g","url":"https:\/\/secure.gravatar.com\/avatar\/a276c2c7f6758ddc5788f8b090c102edee2c13aa2bf89a1bcd01a2ba5053fe51?s=96&d=mm&r=g","contentUrl":"https:\/\/secure.gravatar.com\/avatar\/a276c2c7f6758ddc5788f8b090c102edee2c13aa2bf89a1bcd01a2ba5053fe51?s=96&d=mm&r=g","caption":"Manuel"},"url":"https:\/\/tpvnews.es\/zonalg\/author\/manuel\/"}]}},"featured_media_src_url":"https:\/\/tpvnews.es\/zonalg\/wp-content\/uploads\/sites\/2\/2022\/07\/foto.-V.-Guill-1024x576.jpg","_links":{"self":[{"href":"https:\/\/tpvnews.es\/zonalg\/wp-json\/wp\/v2\/posts\/145","targetHints":{"allow":["GET"]}}],"collection":[{"href":"https:\/\/tpvnews.es\/zonalg\/wp-json\/wp\/v2\/posts"}],"about":[{"href":"https:\/\/tpvnews.es\/zonalg\/wp-json\/wp\/v2\/types\/post"}],"author":[{"embeddable":true,"href":"https:\/\/tpvnews.es\/zonalg\/wp-json\/wp\/v2\/users\/1"}],"replies":[{"embeddable":true,"href":"https:\/\/tpvnews.es\/zonalg\/wp-json\/wp\/v2\/comments?post=145"}],"version-history":[{"count":1,"href":"https:\/\/tpvnews.es\/zonalg\/wp-json\/wp\/v2\/posts\/145\/revisions"}],"predecessor-version":[{"id":147,"href":"https:\/\/tpvnews.es\/zonalg\/wp-json\/wp\/v2\/posts\/145\/revisions\/147"}],"wp:featuredmedia":[{"embeddable":true,"href":"https:\/\/tpvnews.es\/zonalg\/wp-json\/wp\/v2\/media\/146"}],"wp:attachment":[{"href":"https:\/\/tpvnews.es\/zonalg\/wp-json\/wp\/v2\/media?parent=145"}],"wp:term":[{"taxonomy":"category","embeddable":true,"href":"https:\/\/tpvnews.es\/zonalg\/wp-json\/wp\/v2\/categories?post=145"},{"taxonomy":"post_tag","embeddable":true,"href":"https:\/\/tpvnews.es\/zonalg\/wp-json\/wp\/v2\/tags?post=145"}],"curies":[{"name":"wp","href":"https:\/\/api.w.org\/{rel}","templated":true}]}}