{"id":158,"date":"2022-07-27T11:58:37","date_gmt":"2022-07-27T09:58:37","guid":{"rendered":"https:\/\/tpvnews.es\/zonalg\/?p=158"},"modified":"2022-07-28T14:09:28","modified_gmt":"2022-07-28T12:09:28","slug":"kappahl-transforma-su-tienda-principal-con-las-pantallas-de-lg","status":"publish","type":"post","link":"https:\/\/tpvnews.es\/zonalg\/retail\/kappahl-transforma-su-tienda-principal-con-las-pantallas-de-lg\/","title":{"rendered":"KappAhl transforma su tienda principal con las pantallas de LG"},"content":{"rendered":"<p>KappAhl es una cadena de moda sueca que tiene m\u00e1s de 370 establecimientos y una fuerte presencia en Europa. La compa\u00f1\u00eda quer\u00eda crear para su tienda principal una atm\u00f3sfera \u00fanica que le diferenciara de otros comercios.<\/p>\n<p>El integrador Audico Systems AB, junto con LG, desarroll\u00f3 un proyecto para la tienda en el que utiliz\u00f3 la pantalla Ultra Strech de 88\u201d que se pudo integrar en espacios en el interior de la tienda, que no suelen ser los habituales, proporcionando un efecto innovador.<\/p>\n<p>En el escaparte de la tienda se utiliz\u00f3 el Film LED transparente que se pega al cristal y que, adem\u00e1s de sorprender, permite trasladar mensajes promocionales e informativos a los clientes que pasan al lado de la tienda.<\/p>\n<p>Estas soluciones han permitido que KappAhl se diferencie de otros retailers de moda y que sus clientes disfruten de una nueva experiencia en su tienda de referencia.<\/p>\n","protected":false},"excerpt":{"rendered":"<p>KappAhl es una cadena de moda sueca que tiene m\u00e1s de 370 establecimientos y una fuerte presencia en Europa. La compa\u00f1\u00eda quer\u00eda crear para su tienda principal una atm\u00f3sfera \u00fanica que le diferenciara de otros comercios. El integrador Audico Systems AB, junto con LG, desarroll\u00f3 un proyecto para la tienda en el que utiliz\u00f3 la [&hellip;]<\/p>\n","protected":false},"author":1,"featured_media":160,"comment_status":"closed","ping_status":"open","sticky":false,"template":"","format":"video","meta":{"jnews-multi-image_gallery":[],"jnews_single_post":{"source_name":"","source_url":"","via_name":"","via_url":"","override_template":"0","override":[{"template":"1","single_blog_custom":"","parallax":"1","fullscreen":"1","layout":"right-sidebar","sidebar":"default-sidebar","second_sidebar":"default-sidebar","sticky_sidebar":"1","share_position":"top","share_float_style":"share-monocrhome","show_share_counter":"1","show_view_counter":"1","show_featured":"1","show_post_meta":"1","show_post_author":"1","show_post_author_image":"1","show_post_date":"1","post_date_format":"default","post_date_format_custom":"Y\/m\/d","show_post_category":"1","show_post_reading_time":"0","post_reading_time_wpm":"300","show_zoom_button":"0","zoom_button_out_step":"2","zoom_button_in_step":"3","show_post_tag":"1","show_prev_next_post":"1","show_popup_post":"1","number_popup_post":"1","show_author_box":"0","show_post_related":"0","show_inline_post_related":"0"}],"override_image_size":"0","image_override":[{"single_post_thumbnail_size":"crop-500","single_post_gallery_size":"crop-500"}],"trending_post":"0","trending_post_position":"meta","trending_post_label":"Trending","sponsored_post":"0","sponsored_post_label":"Sponsored by","sponsored_post_name":"","sponsored_post_url":"","sponsored_post_logo_enable":"0","sponsored_post_logo":"","sponsored_post_desc":"","disable_ad":"0"},"jnews_primary_category":{"id":""},"jnews_social_meta":{"fb_title":"","fb_description":"","fb_image":"","twitter_title":"","twitter_description":"","twitter_image":""},"footnotes":""},"categories":[7],"tags":[13],"class_list":["post-158","post","type-post","status-publish","format-video","has-post-thumbnail","hentry","category-retail","tag-caso-de-exito","post_format-post-format-video"],"yoast_head":"<!-- This site is optimized with the Yoast SEO plugin v27.4 - https:\/\/yoast.com\/product\/yoast-seo-wordpress\/ -->\n<title>KappAhl transforma su tienda principal con las pantallas de LG - Zona LG<\/title>\n<meta name=\"robots\" content=\"index, follow, max-snippet:-1, max-image-preview:large, max-video-preview:-1\" \/>\n<link rel=\"canonical\" href=\"https:\/\/tpvnews.es\/zonalg\/retail\/kappahl-transforma-su-tienda-principal-con-las-pantallas-de-lg\/\" \/>\n<meta property=\"og:locale\" content=\"es_ES\" \/>\n<meta property=\"og:type\" content=\"article\" \/>\n<meta property=\"og:title\" content=\"KappAhl transforma su tienda principal con las pantallas de LG - Zona LG\" \/>\n<meta property=\"og:description\" content=\"KappAhl es una cadena de moda sueca que tiene m\u00e1s de 370 establecimientos y una fuerte presencia en Europa. La compa\u00f1\u00eda quer\u00eda crear para su tienda principal una atm\u00f3sfera \u00fanica que le diferenciara de otros comercios. El integrador Audico Systems AB, junto con LG, desarroll\u00f3 un proyecto para la tienda en el que utiliz\u00f3 la [&hellip;]\" \/>\n<meta property=\"og:url\" content=\"https:\/\/tpvnews.es\/zonalg\/retail\/kappahl-transforma-su-tienda-principal-con-las-pantallas-de-lg\/\" \/>\n<meta property=\"og:site_name\" content=\"Zona LG\" \/>\n<meta property=\"article:published_time\" content=\"2022-07-27T09:58:37+00:00\" \/>\n<meta property=\"article:modified_time\" content=\"2022-07-28T12:09:28+00:00\" \/>\n<meta property=\"og:image\" content=\"https:\/\/tpvnews.es\/zonalg\/wp-content\/uploads\/sites\/2\/2022\/07\/vlcsnap-2022-07-27-11h59m44s178.png\" \/>\n\t<meta property=\"og:image:width\" content=\"1280\" \/>\n\t<meta property=\"og:image:height\" content=\"720\" \/>\n\t<meta property=\"og:image:type\" content=\"image\/png\" \/>\n<meta name=\"author\" content=\"Manuel\" \/>\n<meta name=\"twitter:card\" content=\"summary_large_image\" \/>\n<meta name=\"twitter:label1\" content=\"Escrito por\" \/>\n\t<meta name=\"twitter:data1\" content=\"Manuel\" \/>\n\t<meta name=\"twitter:label2\" content=\"Tiempo de lectura\" \/>\n\t<meta name=\"twitter:data2\" content=\"1 minuto\" \/>\n<script type=\"application\/ld+json\" class=\"yoast-schema-graph\">{\"@context\":\"https:\\\/\\\/schema.org\",\"@graph\":[{\"@type\":\"Article\",\"@id\":\"https:\\\/\\\/tpvnews.es\\\/zonalg\\\/retail\\\/kappahl-transforma-su-tienda-principal-con-las-pantallas-de-lg\\\/#article\",\"isPartOf\":{\"@id\":\"https:\\\/\\\/tpvnews.es\\\/zonalg\\\/retail\\\/kappahl-transforma-su-tienda-principal-con-las-pantallas-de-lg\\\/\"},\"author\":{\"name\":\"Manuel\",\"@id\":\"https:\\\/\\\/tpvnews.es\\\/zonalg\\\/#\\\/schema\\\/person\\\/05005a60e26fdd62c49c616dfc1406be\"},\"headline\":\"KappAhl transforma su tienda principal con las pantallas de LG\",\"datePublished\":\"2022-07-27T09:58:37+00:00\",\"dateModified\":\"2022-07-28T12:09:28+00:00\",\"mainEntityOfPage\":{\"@id\":\"https:\\\/\\\/tpvnews.es\\\/zonalg\\\/retail\\\/kappahl-transforma-su-tienda-principal-con-las-pantallas-de-lg\\\/\"},\"wordCount\":160,\"image\":{\"@id\":\"https:\\\/\\\/tpvnews.es\\\/zonalg\\\/retail\\\/kappahl-transforma-su-tienda-principal-con-las-pantallas-de-lg\\\/#primaryimage\"},\"thumbnailUrl\":\"https:\\\/\\\/tpvnews.es\\\/zonalg\\\/wp-content\\\/uploads\\\/sites\\\/2\\\/2022\\\/07\\\/vlcsnap-2022-07-27-11h59m44s178.png\",\"keywords\":[\"Caso de \u00e9xito\"],\"articleSection\":[\"Retail\"],\"inLanguage\":\"es\"},{\"@type\":\"WebPage\",\"@id\":\"https:\\\/\\\/tpvnews.es\\\/zonalg\\\/retail\\\/kappahl-transforma-su-tienda-principal-con-las-pantallas-de-lg\\\/\",\"url\":\"https:\\\/\\\/tpvnews.es\\\/zonalg\\\/retail\\\/kappahl-transforma-su-tienda-principal-con-las-pantallas-de-lg\\\/\",\"name\":\"KappAhl transforma su tienda principal con las pantallas de LG - Zona LG\",\"isPartOf\":{\"@id\":\"https:\\\/\\\/tpvnews.es\\\/zonalg\\\/#website\"},\"primaryImageOfPage\":{\"@id\":\"https:\\\/\\\/tpvnews.es\\\/zonalg\\\/retail\\\/kappahl-transforma-su-tienda-principal-con-las-pantallas-de-lg\\\/#primaryimage\"},\"image\":{\"@id\":\"https:\\\/\\\/tpvnews.es\\\/zonalg\\\/retail\\\/kappahl-transforma-su-tienda-principal-con-las-pantallas-de-lg\\\/#primaryimage\"},\"thumbnailUrl\":\"https:\\\/\\\/tpvnews.es\\\/zonalg\\\/wp-content\\\/uploads\\\/sites\\\/2\\\/2022\\\/07\\\/vlcsnap-2022-07-27-11h59m44s178.png\",\"datePublished\":\"2022-07-27T09:58:37+00:00\",\"dateModified\":\"2022-07-28T12:09:28+00:00\",\"author\":{\"@id\":\"https:\\\/\\\/tpvnews.es\\\/zonalg\\\/#\\\/schema\\\/person\\\/05005a60e26fdd62c49c616dfc1406be\"},\"breadcrumb\":{\"@id\":\"https:\\\/\\\/tpvnews.es\\\/zonalg\\\/retail\\\/kappahl-transforma-su-tienda-principal-con-las-pantallas-de-lg\\\/#breadcrumb\"},\"inLanguage\":\"es\",\"potentialAction\":[{\"@type\":\"ReadAction\",\"target\":[\"https:\\\/\\\/tpvnews.es\\\/zonalg\\\/retail\\\/kappahl-transforma-su-tienda-principal-con-las-pantallas-de-lg\\\/\"]}]},{\"@type\":\"ImageObject\",\"inLanguage\":\"es\",\"@id\":\"https:\\\/\\\/tpvnews.es\\\/zonalg\\\/retail\\\/kappahl-transforma-su-tienda-principal-con-las-pantallas-de-lg\\\/#primaryimage\",\"url\":\"https:\\\/\\\/tpvnews.es\\\/zonalg\\\/wp-content\\\/uploads\\\/sites\\\/2\\\/2022\\\/07\\\/vlcsnap-2022-07-27-11h59m44s178.png\",\"contentUrl\":\"https:\\\/\\\/tpvnews.es\\\/zonalg\\\/wp-content\\\/uploads\\\/sites\\\/2\\\/2022\\\/07\\\/vlcsnap-2022-07-27-11h59m44s178.png\",\"width\":1280,\"height\":720},{\"@type\":\"BreadcrumbList\",\"@id\":\"https:\\\/\\\/tpvnews.es\\\/zonalg\\\/retail\\\/kappahl-transforma-su-tienda-principal-con-las-pantallas-de-lg\\\/#breadcrumb\",\"itemListElement\":[{\"@type\":\"ListItem\",\"position\":1,\"name\":\"Portada\",\"item\":\"https:\\\/\\\/tpvnews.es\\\/zonalg\\\/\"},{\"@type\":\"ListItem\",\"position\":2,\"name\":\"KappAhl transforma su tienda principal con las pantallas de LG\"}]},{\"@type\":\"WebSite\",\"@id\":\"https:\\\/\\\/tpvnews.es\\\/zonalg\\\/#website\",\"url\":\"https:\\\/\\\/tpvnews.es\\\/zonalg\\\/\",\"name\":\"Zona LG\",\"description\":\"Otro sitio m\u00e1s de TPV News sitios\",\"potentialAction\":[{\"@type\":\"SearchAction\",\"target\":{\"@type\":\"EntryPoint\",\"urlTemplate\":\"https:\\\/\\\/tpvnews.es\\\/zonalg\\\/?s={search_term_string}\"},\"query-input\":{\"@type\":\"PropertyValueSpecification\",\"valueRequired\":true,\"valueName\":\"search_term_string\"}}],\"inLanguage\":\"es\"},{\"@type\":\"Person\",\"@id\":\"https:\\\/\\\/tpvnews.es\\\/zonalg\\\/#\\\/schema\\\/person\\\/05005a60e26fdd62c49c616dfc1406be\",\"name\":\"Manuel\",\"image\":{\"@type\":\"ImageObject\",\"inLanguage\":\"es\",\"@id\":\"https:\\\/\\\/secure.gravatar.com\\\/avatar\\\/a276c2c7f6758ddc5788f8b090c102edee2c13aa2bf89a1bcd01a2ba5053fe51?s=96&d=mm&r=g\",\"url\":\"https:\\\/\\\/secure.gravatar.com\\\/avatar\\\/a276c2c7f6758ddc5788f8b090c102edee2c13aa2bf89a1bcd01a2ba5053fe51?s=96&d=mm&r=g\",\"contentUrl\":\"https:\\\/\\\/secure.gravatar.com\\\/avatar\\\/a276c2c7f6758ddc5788f8b090c102edee2c13aa2bf89a1bcd01a2ba5053fe51?s=96&d=mm&r=g\",\"caption\":\"Manuel\"},\"url\":\"https:\\\/\\\/tpvnews.es\\\/zonalg\\\/author\\\/manuel\\\/\"}]}<\/script>\n<!-- \/ Yoast SEO plugin. -->","yoast_head_json":{"title":"KappAhl transforma su tienda principal con las pantallas de LG - Zona LG","robots":{"index":"index","follow":"follow","max-snippet":"max-snippet:-1","max-image-preview":"max-image-preview:large","max-video-preview":"max-video-preview:-1"},"canonical":"https:\/\/tpvnews.es\/zonalg\/retail\/kappahl-transforma-su-tienda-principal-con-las-pantallas-de-lg\/","og_locale":"es_ES","og_type":"article","og_title":"KappAhl transforma su tienda principal con las pantallas de LG - Zona LG","og_description":"KappAhl es una cadena de moda sueca que tiene m\u00e1s de 370 establecimientos y una fuerte presencia en Europa. La compa\u00f1\u00eda quer\u00eda crear para su tienda principal una atm\u00f3sfera \u00fanica que le diferenciara de otros comercios. El integrador Audico Systems AB, junto con LG, desarroll\u00f3 un proyecto para la tienda en el que utiliz\u00f3 la [&hellip;]","og_url":"https:\/\/tpvnews.es\/zonalg\/retail\/kappahl-transforma-su-tienda-principal-con-las-pantallas-de-lg\/","og_site_name":"Zona LG","article_published_time":"2022-07-27T09:58:37+00:00","article_modified_time":"2022-07-28T12:09:28+00:00","og_image":[{"width":1280,"height":720,"url":"https:\/\/tpvnews.es\/zonalg\/wp-content\/uploads\/sites\/2\/2022\/07\/vlcsnap-2022-07-27-11h59m44s178.png","type":"image\/png"}],"author":"Manuel","twitter_card":"summary_large_image","twitter_misc":{"Escrito por":"Manuel","Tiempo de lectura":"1 minuto"},"schema":{"@context":"https:\/\/schema.org","@graph":[{"@type":"Article","@id":"https:\/\/tpvnews.es\/zonalg\/retail\/kappahl-transforma-su-tienda-principal-con-las-pantallas-de-lg\/#article","isPartOf":{"@id":"https:\/\/tpvnews.es\/zonalg\/retail\/kappahl-transforma-su-tienda-principal-con-las-pantallas-de-lg\/"},"author":{"name":"Manuel","@id":"https:\/\/tpvnews.es\/zonalg\/#\/schema\/person\/05005a60e26fdd62c49c616dfc1406be"},"headline":"KappAhl transforma su tienda principal con las pantallas de LG","datePublished":"2022-07-27T09:58:37+00:00","dateModified":"2022-07-28T12:09:28+00:00","mainEntityOfPage":{"@id":"https:\/\/tpvnews.es\/zonalg\/retail\/kappahl-transforma-su-tienda-principal-con-las-pantallas-de-lg\/"},"wordCount":160,"image":{"@id":"https:\/\/tpvnews.es\/zonalg\/retail\/kappahl-transforma-su-tienda-principal-con-las-pantallas-de-lg\/#primaryimage"},"thumbnailUrl":"https:\/\/tpvnews.es\/zonalg\/wp-content\/uploads\/sites\/2\/2022\/07\/vlcsnap-2022-07-27-11h59m44s178.png","keywords":["Caso de \u00e9xito"],"articleSection":["Retail"],"inLanguage":"es"},{"@type":"WebPage","@id":"https:\/\/tpvnews.es\/zonalg\/retail\/kappahl-transforma-su-tienda-principal-con-las-pantallas-de-lg\/","url":"https:\/\/tpvnews.es\/zonalg\/retail\/kappahl-transforma-su-tienda-principal-con-las-pantallas-de-lg\/","name":"KappAhl transforma su tienda principal con las pantallas de LG - Zona LG","isPartOf":{"@id":"https:\/\/tpvnews.es\/zonalg\/#website"},"primaryImageOfPage":{"@id":"https:\/\/tpvnews.es\/zonalg\/retail\/kappahl-transforma-su-tienda-principal-con-las-pantallas-de-lg\/#primaryimage"},"image":{"@id":"https:\/\/tpvnews.es\/zonalg\/retail\/kappahl-transforma-su-tienda-principal-con-las-pantallas-de-lg\/#primaryimage"},"thumbnailUrl":"https:\/\/tpvnews.es\/zonalg\/wp-content\/uploads\/sites\/2\/2022\/07\/vlcsnap-2022-07-27-11h59m44s178.png","datePublished":"2022-07-27T09:58:37+00:00","dateModified":"2022-07-28T12:09:28+00:00","author":{"@id":"https:\/\/tpvnews.es\/zonalg\/#\/schema\/person\/05005a60e26fdd62c49c616dfc1406be"},"breadcrumb":{"@id":"https:\/\/tpvnews.es\/zonalg\/retail\/kappahl-transforma-su-tienda-principal-con-las-pantallas-de-lg\/#breadcrumb"},"inLanguage":"es","potentialAction":[{"@type":"ReadAction","target":["https:\/\/tpvnews.es\/zonalg\/retail\/kappahl-transforma-su-tienda-principal-con-las-pantallas-de-lg\/"]}]},{"@type":"ImageObject","inLanguage":"es","@id":"https:\/\/tpvnews.es\/zonalg\/retail\/kappahl-transforma-su-tienda-principal-con-las-pantallas-de-lg\/#primaryimage","url":"https:\/\/tpvnews.es\/zonalg\/wp-content\/uploads\/sites\/2\/2022\/07\/vlcsnap-2022-07-27-11h59m44s178.png","contentUrl":"https:\/\/tpvnews.es\/zonalg\/wp-content\/uploads\/sites\/2\/2022\/07\/vlcsnap-2022-07-27-11h59m44s178.png","width":1280,"height":720},{"@type":"BreadcrumbList","@id":"https:\/\/tpvnews.es\/zonalg\/retail\/kappahl-transforma-su-tienda-principal-con-las-pantallas-de-lg\/#breadcrumb","itemListElement":[{"@type":"ListItem","position":1,"name":"Portada","item":"https:\/\/tpvnews.es\/zonalg\/"},{"@type":"ListItem","position":2,"name":"KappAhl transforma su tienda principal con las pantallas de LG"}]},{"@type":"WebSite","@id":"https:\/\/tpvnews.es\/zonalg\/#website","url":"https:\/\/tpvnews.es\/zonalg\/","name":"Zona LG","description":"Otro sitio m\u00e1s de TPV News sitios","potentialAction":[{"@type":"SearchAction","target":{"@type":"EntryPoint","urlTemplate":"https:\/\/tpvnews.es\/zonalg\/?s={search_term_string}"},"query-input":{"@type":"PropertyValueSpecification","valueRequired":true,"valueName":"search_term_string"}}],"inLanguage":"es"},{"@type":"Person","@id":"https:\/\/tpvnews.es\/zonalg\/#\/schema\/person\/05005a60e26fdd62c49c616dfc1406be","name":"Manuel","image":{"@type":"ImageObject","inLanguage":"es","@id":"https:\/\/secure.gravatar.com\/avatar\/a276c2c7f6758ddc5788f8b090c102edee2c13aa2bf89a1bcd01a2ba5053fe51?s=96&d=mm&r=g","url":"https:\/\/secure.gravatar.com\/avatar\/a276c2c7f6758ddc5788f8b090c102edee2c13aa2bf89a1bcd01a2ba5053fe51?s=96&d=mm&r=g","contentUrl":"https:\/\/secure.gravatar.com\/avatar\/a276c2c7f6758ddc5788f8b090c102edee2c13aa2bf89a1bcd01a2ba5053fe51?s=96&d=mm&r=g","caption":"Manuel"},"url":"https:\/\/tpvnews.es\/zonalg\/author\/manuel\/"}]}},"featured_media_src_url":"https:\/\/tpvnews.es\/zonalg\/wp-content\/uploads\/sites\/2\/2022\/07\/vlcsnap-2022-07-27-11h59m44s178-1024x576.png","_links":{"self":[{"href":"https:\/\/tpvnews.es\/zonalg\/wp-json\/wp\/v2\/posts\/158","targetHints":{"allow":["GET"]}}],"collection":[{"href":"https:\/\/tpvnews.es\/zonalg\/wp-json\/wp\/v2\/posts"}],"about":[{"href":"https:\/\/tpvnews.es\/zonalg\/wp-json\/wp\/v2\/types\/post"}],"author":[{"embeddable":true,"href":"https:\/\/tpvnews.es\/zonalg\/wp-json\/wp\/v2\/users\/1"}],"replies":[{"embeddable":true,"href":"https:\/\/tpvnews.es\/zonalg\/wp-json\/wp\/v2\/comments?post=158"}],"version-history":[{"count":2,"href":"https:\/\/tpvnews.es\/zonalg\/wp-json\/wp\/v2\/posts\/158\/revisions"}],"predecessor-version":[{"id":176,"href":"https:\/\/tpvnews.es\/zonalg\/wp-json\/wp\/v2\/posts\/158\/revisions\/176"}],"wp:featuredmedia":[{"embeddable":true,"href":"https:\/\/tpvnews.es\/zonalg\/wp-json\/wp\/v2\/media\/160"}],"wp:attachment":[{"href":"https:\/\/tpvnews.es\/zonalg\/wp-json\/wp\/v2\/media?parent=158"}],"wp:term":[{"taxonomy":"category","embeddable":true,"href":"https:\/\/tpvnews.es\/zonalg\/wp-json\/wp\/v2\/categories?post=158"},{"taxonomy":"post_tag","embeddable":true,"href":"https:\/\/tpvnews.es\/zonalg\/wp-json\/wp\/v2\/tags?post=158"}],"curies":[{"name":"wp","href":"https:\/\/api.w.org\/{rel}","templated":true}]}}